{"id":876,"date":"2026-04-27T13:15:42","date_gmt":"2026-04-27T13:15:42","guid":{"rendered":"http:\/\/www.lebendiger-minoritenplatz.de\/?p=876"},"modified":"2026-04-28T11:04:38","modified_gmt":"2026-04-28T11:04:38","slug":"planung-des-nachbarschaftsfestes","status":"publish","type":"post","link":"https:\/\/www.lebendiger-minoritenplatz.de\/?p=876","title":{"rendered":"1. ordentliche Mitgliederversammlung am 05.05.2026"},"content":{"rendered":"<p>Wir laden alle Mitglieder zur 1. ordentlichen Mitgliederversammlung der B\u00fcrgerinitiative &#8221; Lebendiger Minoritenplatz&#8221;e.V. ein.<br \/>\nDienstag, den 05. Mai um 19:15 Uhr, Minoritenplatz 29, Netzwerk Neersen.<br \/>\nTagesordnung:<br \/>\n1. Begr\u00fc\u00dfung und Formalia<br \/>\n2. Bericht des Vorstandes<br \/>\n3. Entlastung des Vorstandes<br \/>\n4. Vorstandswahlen (satzungsgem\u00e4\u00df laut Turnus)<br \/>\na) Wahl eines\/einer Vorsitzenden<br \/>\nb) Wahl eines\/einer Weiteren Vorstandsmitglieds (optional)<br \/>\n5. Planung f\u00fcr 2026<br \/>\n6. Verschiedenes<\/p>\n","protected":false},"excerpt":{"rendered":"<p>Wir laden alle Mitglieder zur 1. ordentlichen Mitgliederversammlung der B\u00fcrgerinitiative &#8221; Lebendiger Minoritenplatz&#8221;e.V. ein. Dienstag, den 05. Mai um 19:15 Uhr, Minoritenplatz 29, Netzwerk Neersen. Tagesordnung: 1. Begr\u00fc\u00dfung und Formalia 2. Bericht des Vorstandes 3. Entlastung des Vorstandes 4. Vorstandswahlen (satzungsgem\u00e4\u00df laut Turnus) a) Wahl eines\/einer Vorsitzenden b) Wahl eines\/einer Weiteren Vorstandsmitglieds (optional) 5. Planung [&hellip;]<\/p>\n","protected":false},"author":3,"featured_media":333,"comment_status":"open","ping_status":"open","sticky":false,"template":"","format":"standard","meta":{"_crdt_document":"","footnotes":""},"categories":[28],"tags":[],"class_list":{"0":"post-876","1":"post","2":"type-post","3":"status-publish","4":"format-standard","5":"has-post-thumbnail","6":"hentry","7":"category-mitmachen","9":"post-with-thumbnail","10":"post-with-thumbnail-large"},"_links":{"self":[{"href":"https:\/\/www.lebendiger-minoritenplatz.de\/index.php?rest_route=\/wp\/v2\/posts\/876","targetHints":{"allow":["GET"]}}],"collection":[{"href":"https:\/\/www.lebendiger-minoritenplatz.de\/index.php?rest_route=\/wp\/v2\/posts"}],"about":[{"href":"https:\/\/www.lebendiger-minoritenplatz.de\/index.php?rest_route=\/wp\/v2\/types\/post"}],"author":[{"embeddable":true,"href":"https:\/\/www.lebendiger-minoritenplatz.de\/index.php?rest_route=\/wp\/v2\/users\/3"}],"replies":[{"embeddable":true,"href":"https:\/\/www.lebendiger-minoritenplatz.de\/index.php?rest_route=%2Fwp%2Fv2%2Fcomments&post=876"}],"version-history":[{"count":44,"href":"https:\/\/www.lebendiger-minoritenplatz.de\/index.php?rest_route=\/wp\/v2\/posts\/876\/revisions"}],"predecessor-version":[{"id":2657,"href":"https:\/\/www.lebendiger-minoritenplatz.de\/index.php?rest_route=\/wp\/v2\/posts\/876\/revisions\/2657"}],"wp:featuredmedia":[{"embeddable":true,"href":"https:\/\/www.lebendiger-minoritenplatz.de\/index.php?rest_route=\/wp\/v2\/media\/333"}],"wp:attachment":[{"href":"https:\/\/www.lebendiger-minoritenplatz.de\/index.php?rest_route=%2Fwp%2Fv2%2Fmedia&parent=876"}],"wp:term":[{"taxonomy":"category","embeddable":true,"href":"https:\/\/www.lebendiger-minoritenplatz.de\/index.php?rest_route=%2Fwp%2Fv2%2Fcategories&post=876"},{"taxonomy":"post_tag","embeddable":true,"href":"https:\/\/www.lebendiger-minoritenplatz.de\/index.php?rest_route=%2Fwp%2Fv2%2Ftags&post=876"}],"curies":[{"name":"wp","href":"https:\/\/api.w.org\/{rel}","templated":true}]}}