{"id":1494,"date":"2025-01-11T09:05:15","date_gmt":"2025-01-11T09:05:15","guid":{"rendered":"https:\/\/www.lebendiger-minoritenplatz.de\/?p=1494"},"modified":"2025-02-19T13:22:37","modified_gmt":"2025-02-19T13:22:37","slug":"1494","status":"publish","type":"post","link":"http:\/\/www.lebendiger-minoritenplatz.de\/?p=1494","title":{"rendered":"Erster Stammtisch"},"content":{"rendered":"<p><span style=\"color: #009999;\"><strong>Erster Stammtisch der B\u00fcrgerinitiative am 5.2.2025<\/strong><\/span><br \/>\nWir haben seit unserem ersten Treffen vor ca. 3 Jahren so viel erreicht: <!--more-->wir haben zahlreiche Aktionen im Neersener Ortskern ins Leben gerufen, das Pop-up Caf\u00e9 als Institution inzwischen etabliert und haben letztendlich Mitte 2024 sogar einen Verein gegr\u00fcndet.<br \/>\nBei so viel Organisation und Engagement bleibt oft zu wenig Raum, um einfach gesellige Zeit mit allen Vereinsmitgliedern und Helfern zu verbringen. Das wollen wir jetzt \u00e4ndern. Deswegen l\u00e4dt der Vorstand f\u00fcr Mittwoch, den 5.2.25 um 19 Uhr zu einem Stammtisch der B\u00fcrgerinitiative in das Haus Laumen ein, die Kegelbahnen sind reserviert. \u2013 Eingeladen sind nat\u00fcrlich alle Vereinsmitglieder, Aktive und Helfer bei unseren Aktionen sowie aber auch alle Interessierten, die gerne regelm\u00e4\u00dfig bei uns ehrenamtlich mitarbeiten m\u00f6chten. An diesem Abend findet sich bestimmt die Gelegenheit, tiefer ins Gespr\u00e4ch zu kommen und gemeinsam M\u00f6glichkeiten des Engagements auszuloten.<br \/>\nMeldet Euch bitte wenn m\u00f6glich bis zum 31.1.25 unter info@lebendiger-minoritenplatz f\u00fcr den Stammtisch an.<br \/>\nWir freuen uns schon,<br \/>\nEuer Vorstand<br \/>\nBeate, Bernadette, Karl-Heinz, Ute, Viktor<\/p>\n","protected":false},"excerpt":{"rendered":"<p>Erster Stammtisch der B\u00fcrgerinitiative am 5.2.2025 Wir haben seit unserem ersten Treffen vor ca. 3 Jahren so viel erreicht:<\/p>\n","protected":false},"author":3,"featured_media":1491,"comment_status":"open","ping_status":"open","sticky":false,"template":"","format":"standard","meta":{"_crdt_document":"","footnotes":""},"categories":[29,37],"tags":[],"class_list":{"0":"post-1494","1":"post","2":"type-post","3":"status-publish","4":"format-standard","5":"has-post-thumbnail","6":"hentry","7":"category-geselligkeit","8":"category-vereinsleben","10":"post-with-thumbnail","11":"post-with-thumbnail-large"},"_links":{"self":[{"href":"http:\/\/www.lebendiger-minoritenplatz.de\/index.php?rest_route=\/wp\/v2\/posts\/1494","targetHints":{"allow":["GET"]}}],"collection":[{"href":"http:\/\/www.lebendiger-minoritenplatz.de\/index.php?rest_route=\/wp\/v2\/posts"}],"about":[{"href":"http:\/\/www.lebendiger-minoritenplatz.de\/index.php?rest_route=\/wp\/v2\/types\/post"}],"author":[{"embeddable":true,"href":"http:\/\/www.lebendiger-minoritenplatz.de\/index.php?rest_route=\/wp\/v2\/users\/3"}],"replies":[{"embeddable":true,"href":"http:\/\/www.lebendiger-minoritenplatz.de\/index.php?rest_route=%2Fwp%2Fv2%2Fcomments&post=1494"}],"version-history":[{"count":8,"href":"http:\/\/www.lebendiger-minoritenplatz.de\/index.php?rest_route=\/wp\/v2\/posts\/1494\/revisions"}],"predecessor-version":[{"id":1587,"href":"http:\/\/www.lebendiger-minoritenplatz.de\/index.php?rest_route=\/wp\/v2\/posts\/1494\/revisions\/1587"}],"wp:featuredmedia":[{"embeddable":true,"href":"http:\/\/www.lebendiger-minoritenplatz.de\/index.php?rest_route=\/wp\/v2\/media\/1491"}],"wp:attachment":[{"href":"http:\/\/www.lebendiger-minoritenplatz.de\/index.php?rest_route=%2Fwp%2Fv2%2Fmedia&parent=1494"}],"wp:term":[{"taxonomy":"category","embeddable":true,"href":"http:\/\/www.lebendiger-minoritenplatz.de\/index.php?rest_route=%2Fwp%2Fv2%2Fcategories&post=1494"},{"taxonomy":"post_tag","embeddable":true,"href":"http:\/\/www.lebendiger-minoritenplatz.de\/index.php?rest_route=%2Fwp%2Fv2%2Ftags&post=1494"}],"curies":[{"name":"wp","href":"https:\/\/api.w.org\/{rel}","templated":true}]}}