{"id":1129,"date":"2024-06-27T07:54:05","date_gmt":"2024-06-27T07:54:05","guid":{"rendered":"https:\/\/www.lebendiger-minoritenplatz.de\/?p=1129"},"modified":"2024-09-13T13:58:16","modified_gmt":"2024-09-13T13:58:16","slug":"pop-up-sandkasten-und-cafe-in-den-sommerferien","status":"publish","type":"post","link":"http:\/\/www.lebendiger-minoritenplatz.de\/?p=1129","title":{"rendered":"Pop Up Sandkasten und Caf\u00e9 in den Sommerferien"},"content":{"rendered":"<div id=\"attachment_1130\" style=\"width: 223px\" class=\"wp-caption aligncenter\"><img loading=\"lazy\" decoding=\"async\" aria-describedby=\"caption-attachment-1130\" class=\"size-medium wp-image-1130\" src=\"http:\/\/www.lebendiger-minoritenplatz.de\/wp-content\/uploads\/2024\/06\/Pop-Up-Sandkasten-Cafe-2024_RZ_02-213x300.jpg\" alt=\"\" width=\"213\" height=\"300\" \/><p id=\"caption-attachment-1130\" class=\"wp-caption-text\">Pop Up Sandkasten und Caf\u00e9<\/p><\/div>\n<h2><strong>Die \u201eSommeraktion\u201c <\/strong><strong>vom 12.07.2024 bis 16.08.2024<\/strong><\/h2>\n<p>Der Verein \u201eLebendiger Minoritenplatz\u201c bietet auch in diesem Jahr wieder einen Sandkastenaktion mit einer Vielzahl von Spielsachen und Liegest\u00fchlen, im nat\u00fcrlichen Schatten der B\u00e4ume, auf der Wiese an. Eine perfekte Kombination aus Spielspa\u00df und Entspannung bietet au\u00dferdem der Caf\u00e9wagen. Hier werden Fair-Trade-Kaffee und Kaltgetr\u00e4nke angeboten.<br \/>\nKinder k\u00f6nnen nach Herzenslust buddeln, bauen und spielen, w\u00e4hrend die Erwachsenen die bunten Sitzm\u00f6glichkeiten zum Relaxen, Plauschen und Genie\u00dfen nutzen k\u00f6nnen. Diese Aktion bietet nicht nur Raum zum Spielen, sondern auch einen Ort der Begegnung und des Miteinanders.<br \/>\nDer Caf\u00e9-Wagen wird von ehrenamtlichen Helfern gef\u00fchrt.\u00a0 Unter der Woche sind die \u00d6ffnungszeiten von 11:00 \u2013 17:00 Uhr, bei Regenwetter bleibt der Wagen geschlossen.<br \/>\nWer gerne zum Team der ehrenamtlichen Helfer dazugeh\u00f6ren m\u00f6chte, meldet sich bitte in der Begegnungsst\u00e4tte Neersen oder unter Info@lebendiger-Minoritenplatz.de<\/p>\n<p>Sonnige Gr\u00fc\u00dfe<\/p>\n","protected":false},"excerpt":{"rendered":"<p>Die \u201eSommeraktion\u201c vom 12.07.2024 bis 16.08.2024 Der Verein \u201eLebendiger Minoritenplatz\u201c bietet auch in diesem Jahr wieder einen Sandkastenaktion mit einer Vielzahl von Spielsachen und Liegest\u00fchlen, im nat\u00fcrlichen Schatten der B\u00e4ume, auf der Wiese an. Eine perfekte Kombination aus Spielspa\u00df und Entspannung bietet au\u00dferdem der Caf\u00e9wagen. Hier werden Fair-Trade-Kaffee und Kaltgetr\u00e4nke angeboten. Kinder k\u00f6nnen nach Herzenslust [&hellip;]<\/p>\n","protected":false},"author":3,"featured_media":0,"comment_status":"open","ping_status":"open","sticky":false,"template":"","format":"standard","meta":{"_crdt_document":"","footnotes":""},"categories":[9],"tags":[],"class_list":["post-1129","post","type-post","status-publish","format-standard","hentry","category-sommerferien-aktion"],"_links":{"self":[{"href":"http:\/\/www.lebendiger-minoritenplatz.de\/index.php?rest_route=\/wp\/v2\/posts\/1129","targetHints":{"allow":["GET"]}}],"collection":[{"href":"http:\/\/www.lebendiger-minoritenplatz.de\/index.php?rest_route=\/wp\/v2\/posts"}],"about":[{"href":"http:\/\/www.lebendiger-minoritenplatz.de\/index.php?rest_route=\/wp\/v2\/types\/post"}],"author":[{"embeddable":true,"href":"http:\/\/www.lebendiger-minoritenplatz.de\/index.php?rest_route=\/wp\/v2\/users\/3"}],"replies":[{"embeddable":true,"href":"http:\/\/www.lebendiger-minoritenplatz.de\/index.php?rest_route=%2Fwp%2Fv2%2Fcomments&post=1129"}],"version-history":[{"count":2,"href":"http:\/\/www.lebendiger-minoritenplatz.de\/index.php?rest_route=\/wp\/v2\/posts\/1129\/revisions"}],"predecessor-version":[{"id":1132,"href":"http:\/\/www.lebendiger-minoritenplatz.de\/index.php?rest_route=\/wp\/v2\/posts\/1129\/revisions\/1132"}],"wp:attachment":[{"href":"http:\/\/www.lebendiger-minoritenplatz.de\/index.php?rest_route=%2Fwp%2Fv2%2Fmedia&parent=1129"}],"wp:term":[{"taxonomy":"category","embeddable":true,"href":"http:\/\/www.lebendiger-minoritenplatz.de\/index.php?rest_route=%2Fwp%2Fv2%2Fcategories&post=1129"},{"taxonomy":"post_tag","embeddable":true,"href":"http:\/\/www.lebendiger-minoritenplatz.de\/index.php?rest_route=%2Fwp%2Fv2%2Ftags&post=1129"}],"curies":[{"name":"wp","href":"https:\/\/api.w.org\/{rel}","templated":true}]}}