{"id":103,"date":"2023-04-07T17:36:42","date_gmt":"2023-04-07T17:36:42","guid":{"rendered":"http:\/\/www.lebendiger-minoritenplatz.de\/?p=103"},"modified":"2023-08-25T08:42:54","modified_gmt":"2023-08-25T08:42:54","slug":"entwicklung-eines-buergercafes","status":"publish","type":"post","link":"http:\/\/www.lebendiger-minoritenplatz.de\/?p=103","title":{"rendered":"Entwicklung eines &#8220;B\u00fcrgercaf\u00e9s&#8221;"},"content":{"rendered":"<div id=\"pl-103\"  class=\"panel-layout\" >\n<div id=\"pg-103-0\"  class=\"panel-grid panel-no-style\" >\n<div id=\"pgc-103-0-0\"  class=\"panel-grid-cell\"  data-weight=\"1\" >\n<div id=\"panel-103-0-0-0\" class=\"so-panel widget widget_sow-editor panel-first-child panel-last-child\" data-index=\"0\" data-style=\"{&quot;background_image_attachment&quot;:false,&quot;background_display&quot;:&quot;tile&quot;,&quot;background_image_size&quot;:&quot;full&quot;,&quot;border_thickness&quot;:&quot;1px&quot;}\" >\n<div\n\t\t\t\n\t\t\tclass=\"so-widget-sow-editor so-widget-sow-editor-base\"\n\t\t\t\n\t\t><\/p>\n<div class=\"siteorigin-widget-tinymce textwidget\">\n<div id=\"attachment_686\" style=\"width: 310px\" class=\"wp-caption aligncenter\"><img loading=\"lazy\" decoding=\"async\" aria-describedby=\"caption-attachment-686\" class=\"wp-image-686 size-medium\" src=\"http:\/\/www.lebendiger-minoritenplatz.de\/wp-content\/uploads\/2023\/04\/coffee-1117933_1280-300x200.jpg\" alt=\"\" width=\"300\" height=\"200\" srcset=\"http:\/\/www.lebendiger-minoritenplatz.de\/wp-content\/uploads\/2023\/04\/coffee-1117933_1280-300x200.jpg 300w, http:\/\/www.lebendiger-minoritenplatz.de\/wp-content\/uploads\/2023\/04\/coffee-1117933_1280-1024x682.jpg 1024w, http:\/\/www.lebendiger-minoritenplatz.de\/wp-content\/uploads\/2023\/04\/coffee-1117933_1280-150x100.jpg 150w, http:\/\/www.lebendiger-minoritenplatz.de\/wp-content\/uploads\/2023\/04\/coffee-1117933_1280-768x512.jpg 768w, http:\/\/www.lebendiger-minoritenplatz.de\/wp-content\/uploads\/2023\/04\/coffee-1117933_1280-272x182.jpg 272w, http:\/\/www.lebendiger-minoritenplatz.de\/wp-content\/uploads\/2023\/04\/coffee-1117933_1280.jpg 1280w\" sizes=\"auto, (max-width: 300px) 100vw, 300px\" \/><p id=\"caption-attachment-686\" class=\"wp-caption-text\">Bild Pixabay<\/p><\/div>\n<p>Wir m\u00f6chten den Ortskern durch ein B\u00fcrgercaf\u00e9 und offenen Raum der Begegnung beleben und so das Miteinander in Neersen st\u00e4rken.<!--more--> Neben der Entwicklung eines Konzepts, erarbeiten wir F\u00f6rder- und Finanzierungsm\u00f6glichkeiten. Hierbei arbeiten wir eng mit den verschiedenen sozialen Einrichtungen in Neersen sowie der Stadt Willich zusammen. Hier ein Artikel dazu aus der Rheinischen Post.<a href=\"http:\/\/www.lebendiger-minoritenplatz.de\/wp-content\/uploads\/2023\/08\/Lebendiger-Minoritenplatz-plant-Neersener-Buergercafe_.pdf\">Lebendiger Minoritenplatz plant Neersener B\u00fcrgercaf\u00e9<\/a><a href=\"http:\/\/www.lebendiger-minoritenplatz.de\/wp-content\/uploads\/2023\/04\/Lebendiger-Minoritenplatz-plant-Neersener-Buergercafe_.pdf\">_<\/a><\/p>\n<\/div>\n<\/div>\n<\/div>\n<\/div>\n<\/div>\n<\/div>\n","protected":false},"excerpt":{"rendered":"<p>Wir m\u00f6chten den Ortskern durch ein B\u00fcrgercaf\u00e9 und offenen Raum der Begegnung beleben und so das Miteinander in Neersen st\u00e4rken.<\/p>\n","protected":false},"author":1,"featured_media":0,"comment_status":"open","ping_status":"open","sticky":false,"template":"","format":"standard","meta":{"_crdt_document":"","footnotes":""},"categories":[8],"tags":[],"class_list":["post-103","post","type-post","status-publish","format-standard","hentry","category-buergercafe"],"_links":{"self":[{"href":"http:\/\/www.lebendiger-minoritenplatz.de\/index.php?rest_route=\/wp\/v2\/posts\/103","targetHints":{"allow":["GET"]}}],"collection":[{"href":"http:\/\/www.lebendiger-minoritenplatz.de\/index.php?rest_route=\/wp\/v2\/posts"}],"about":[{"href":"http:\/\/www.lebendiger-minoritenplatz.de\/index.php?rest_route=\/wp\/v2\/types\/post"}],"author":[{"embeddable":true,"href":"http:\/\/www.lebendiger-minoritenplatz.de\/index.php?rest_route=\/wp\/v2\/users\/1"}],"replies":[{"embeddable":true,"href":"http:\/\/www.lebendiger-minoritenplatz.de\/index.php?rest_route=%2Fwp%2Fv2%2Fcomments&post=103"}],"version-history":[{"count":10,"href":"http:\/\/www.lebendiger-minoritenplatz.de\/index.php?rest_route=\/wp\/v2\/posts\/103\/revisions"}],"predecessor-version":[{"id":623,"href":"http:\/\/www.lebendiger-minoritenplatz.de\/index.php?rest_route=\/wp\/v2\/posts\/103\/revisions\/623"}],"wp:attachment":[{"href":"http:\/\/www.lebendiger-minoritenplatz.de\/index.php?rest_route=%2Fwp%2Fv2%2Fmedia&parent=103"}],"wp:term":[{"taxonomy":"category","embeddable":true,"href":"http:\/\/www.lebendiger-minoritenplatz.de\/index.php?rest_route=%2Fwp%2Fv2%2Fcategories&post=103"},{"taxonomy":"post_tag","embeddable":true,"href":"http:\/\/www.lebendiger-minoritenplatz.de\/index.php?rest_route=%2Fwp%2Fv2%2Ftags&post=103"}],"curies":[{"name":"wp","href":"https:\/\/api.w.org\/{rel}","templated":true}]}}